{"id":2046,"date":"2022-02-24T15:08:45","date_gmt":"2022-02-24T14:08:45","guid":{"rendered":"https:\/\/www.junis.se\/ledare\/?p=2046"},"modified":"2022-02-24T15:26:12","modified_gmt":"2022-02-24T14:26:12","slug":"alla-barn-har-ratt-till-trygghet","status":"publish","type":"post","link":"https:\/\/www.junis.se\/ledare\/alla-barn-har-ratt-till-trygghet\/","title":{"rendered":"Alla barn har r\u00e4tt till trygghet"},"content":{"rendered":"<p>Barn som vi m\u00f6ter i Junis verksamhet kan ocks\u00e5 vara oroliga och r\u00e4dda. M\u00e5nga barn ser bilderna men har sv\u00e5rt att sortera och bed\u00f6ma hur stort hotet \u00e4r. Du som \u00e4r ledare kan beh\u00f6va finnas som trygghet f\u00f6r de barnen och ge en chans att prata f\u00f6r den som vill. T\u00e4nk p\u00e5 att barn kanske inte oroar sig f\u00f6r samma saker som du, s\u00e5 var lyh\u00f6rd och se till att inte sp\u00e4 p\u00e5 barnens oro.<\/p>\n<p><a href=\"https:\/\/www.bris.se\/\" target=\"_blank\" rel=\"noopener\">Bris<\/a> och <a href=\"https:\/\/www.krisinformation.se\/\" target=\"_blank\" rel=\"noopener\">Krisinformation<\/a> har tagit fram en lista med tips p\u00e5 hur du som vuxen kan prata med barn om omv\u00e4rldsl\u00e4get:<\/p>\n<ul>\n<li>Var p\u00e5l\u00e4st. S\u00e5 att du kan svara med korrekt och aktuell information.<\/li>\n<li>Titta tillsammans. Om ni l\u00e4ser en artikel eller kollar p\u00e5 tv tillsammans finns du d\u00e4r f\u00f6r att dels nyansera, dels svara p\u00e5 fr\u00e5gor.<\/li>\n<li>Du m\u00e5ste inte veta allt. Det \u00e4r om\u00f6jligt att ha koll p\u00e5 allt och det \u00e4r okej att s\u00e4ga att du inte vet. Men s\u00e4g d\u00e5 ocks\u00e5 att du kan ta reda p\u00e5 det s\u00e5 att barnet slipper spekulera.<\/li>\n<li>Ta oron p\u00e5 allvar. Barn kan g\u00f6ra kopplingar som skapar riktig oro. Utg\u00e5 inte fr\u00e5n att barn \u00e4r oroliga eller oroar sig f\u00f6r samma sak som du som vuxen kanske g\u00f6r. Ta d\u00e4rf\u00f6r signaler p\u00e5 oro p\u00e5 allvar.<\/li>\n<li>Fr\u00e5ga. Ta initiativet genom att kolla om barnet undrar n\u00e5got. D\u00e5 finns ju du d\u00e4r med svar.<\/li>\n<li>Prata om att allt inte \u00e4r sant. Om barnet \u00e4r ute p\u00e5 sociala medier kan en diskussion om k\u00e4llkritik vara bra att ha. Utifr\u00e5n barnets niv\u00e5.<\/li>\n<li>Sverige har milit\u00e4rer f\u00f6r att det inte ska bli krig. Det kan vara bra att p\u00e5minna barn och \u00e4ven vuxna om att F\u00f6rsvarsmaktens uppgift \u00e4r att f\u00f6rsvara Sverige. Det \u00e4r d\u00e4rf\u00f6r vi i Sverige har milit\u00e4rer, inte f\u00f6r att starta krig.<\/li>\n<li>Skicka med hopp. Prata g\u00e4rna om att m\u00e5nga l\u00e4nder och organisationer samarbetar f\u00f6r att det inte ska bli krig.<\/li>\n<\/ul>\n<p><a href=\"https:\/\/www.krisinformation.se\/detta-kan-handa\/handelser-och-storningar\/oro-for-omvarldslaget\/oro-for-omvarldslaget\/fragor-och-svar-till-barn\" target=\"_blank\" rel=\"noopener\">H\u00e4r hittar du en bra sida riktad till barn, med fr\u00e5gor och svar om kriget<\/a><\/p>\n","protected":false},"excerpt":{"rendered":"<p>Barn som vi m\u00f6ter i Junis verksamhet kan ocks\u00e5 vara oroliga och r\u00e4dda. M\u00e5nga barn ser bilderna men har sv\u00e5rt att sortera och [&hellip;]<\/p>\n","protected":false},"author":24,"featured_media":2047,"comment_status":"closed","ping_status":"closed","sticky":false,"template":"","format":"standard","meta":{"footnotes":""},"categories":[1,25],"class_list":["post-2046","post","type-post","status-publish","format-standard","has-post-thumbnail","hentry","category-nyheter","category-verksamhet"],"_links":{"self":[{"href":"https:\/\/www.junis.se\/ledare\/wp-json\/wp\/v2\/posts\/2046","targetHints":{"allow":["GET"]}}],"collection":[{"href":"https:\/\/www.junis.se\/ledare\/wp-json\/wp\/v2\/posts"}],"about":[{"href":"https:\/\/www.junis.se\/ledare\/wp-json\/wp\/v2\/types\/post"}],"author":[{"embeddable":true,"href":"https:\/\/www.junis.se\/ledare\/wp-json\/wp\/v2\/users\/24"}],"replies":[{"embeddable":true,"href":"https:\/\/www.junis.se\/ledare\/wp-json\/wp\/v2\/comments?post=2046"}],"version-history":[{"count":2,"href":"https:\/\/www.junis.se\/ledare\/wp-json\/wp\/v2\/posts\/2046\/revisions"}],"predecessor-version":[{"id":2049,"href":"https:\/\/www.junis.se\/ledare\/wp-json\/wp\/v2\/posts\/2046\/revisions\/2049"}],"wp:featuredmedia":[{"embeddable":true,"href":"https:\/\/www.junis.se\/ledare\/wp-json\/wp\/v2\/media\/2047"}],"wp:attachment":[{"href":"https:\/\/www.junis.se\/ledare\/wp-json\/wp\/v2\/media?parent=2046"}],"wp:term":[{"taxonomy":"category","embeddable":true,"href":"https:\/\/www.junis.se\/ledare\/wp-json\/wp\/v2\/categories?post=2046"}],"curies":[{"name":"wp","href":"https:\/\/api.w.org\/{rel}","templated":true}]}}