{"id":2458,"date":"2023-06-12T13:06:36","date_gmt":"2023-06-12T11:06:36","guid":{"rendered":"https:\/\/www.junis.se\/ledare\/?p=2458"},"modified":"2024-01-11T14:09:10","modified_gmt":"2024-01-11T13:09:10","slug":"hang-med-pa-hostens-digitala-ledartraffar-2023","status":"publish","type":"post","link":"https:\/\/www.junis.se\/ledare\/hang-med-pa-hostens-digitala-ledartraffar-2023\/","title":{"rendered":"H\u00e4ng med p\u00e5 h\u00f6stens digitala ledartr\u00e4ffar!"},"content":{"rendered":"\r\n<h2 class=\"wp-block-heading\"><del>Sj\u00e4lvledarskap \u2013 Anneli Bylund<\/del><\/h2>\r\n\r\n\r\n\r\n<p>P\u00e5 samtalet om sj\u00e4lvledarskap kommer du f\u00e5 l\u00e4ra dig att leda dig sj\u00e4lv genom olika knep f\u00f6r att st\u00e4rka dig sj\u00e4lv, din motivation och handlingskraft. Vi kommer ocks\u00e5 ge varandra tips och trix!\u00a0<br \/><strong>S\u00f6ndag 20 augusti kl. 18.30-20.00<\/strong><br \/><a href=\"https:\/\/us06web.zoom.us\/j\/83551858405\" target=\"_blank\" rel=\"noreferrer noopener\" data-type=\"URL\" data-id=\"https:\/\/us06web.zoom.us\/j\/83551858405\">Anslut till m\u00f6tet<\/a><\/p>\r\n\r\n\r\n\r\n<h2 class=\"wp-block-heading\"><del>Ta med Junisarna till Kenya \u2013 och f\u00e5 tips p\u00e5 hur ni kan vara med i V\u00e4rldens barn!\u00a0 \u2013 Sara Heine och Maria Bergqvist<\/del><\/h2>\r\n\r\n\r\n\r\n<p>Sara Heine och Maria Bergqvist ger inspiration och tips p\u00e5 hur ni kan vara med i V\u00e4rldens Barn. De ber\u00e4ttar ocks\u00e5 hur pengarna som samlas in g\u00f6r skillnad i IOGT-NTO-r\u00f6relsens projekt runt om i V\u00e4rlden &#8211; till exempel bland barn i Kisumu i Kenya \u2013 och hur ni kan prata om internationell solidaritet med Junisarna.\u00a0<br \/><strong>Tisdag 5 september kl. 18.30-20.00<\/strong><br \/><a href=\"https:\/\/us06web.zoom.us\/j\/83551858405\" target=\"_blank\" rel=\"noreferrer noopener\" data-type=\"URL\" data-id=\"https:\/\/us06web.zoom.us\/j\/83551858405\">Anslut till m\u00f6tet<\/a><\/p>\r\n<h2><del>NPF-introduktion f\u00f6r dig som jobbar med barn och ungdomar \u2013 Nora Stensvik<\/del><\/h2>\r\n<p>Nora Stensvik ger enkla och handfasta tips p\u00e5 hur du hanterar de utmaningar som kan uppst\u00e5. Nora \u00e4r utbildad folkh\u00e4lsovetare och har l\u00e4st kurser inom pedagogik. Hon har erfarenhet av att arbeta med barn, ungdomar och vuxna med NPF kombinerat med psykisk h\u00e4lsa.<br \/><strong>Onsdag 20 september kl. 18.30-20.00<\/strong><br \/><a href=\"https:\/\/us06web.zoom.us\/j\/83551858405\">Anslut till m\u00f6tet<\/a><\/p>\r\n\r\n\r\n\r\n\r\n\r\n\r\n\r\n<h2 class=\"wp-block-heading\"><del>Junis sport \u2013 v\u00e5r nyaste verksamhet som nu beh\u00f6ver dig\u00a0<\/del><\/h2>\r\n\r\n\r\n\r\n<p>Junis sport handlar om att erbjuda v\u00e5ra junisar sport och r\u00f6relsegl\u00e4dje, men utan t\u00e4vlingsinslag. Det finns f\u00e4rdigt material men d\u00e4r vi g\u00e4rna vill g\u00e5 igenom vad det inneb\u00e4r att vara ledare i just Junis sport. Hur ser uppl\u00e4gget ut? Beh\u00f6ver jag som ledare n\u00e5gra f\u00f6rkunskaper f\u00f6r att k\u00f6ra Junis sport? H\u00e4ng med p\u00e5 tr\u00e4ffen och lyssna p\u00e5 Lina Johansson s\u00e5 f\u00e5r ni veta hur himla kul detta \u00e4r &#8211; och t\u00e4nk om vi tillsammans kan sprida detta ut i landet till v\u00e5ra barn! Wow! H\u00e4ng p\u00e5!<br \/><strong>Torsdag 5 oktober kl. 18.30-20.00<\/strong><br \/><a href=\"https:\/\/us06web.zoom.us\/j\/83551858405\" target=\"_blank\" rel=\"noreferrer noopener\" data-type=\"URL\" data-id=\"https:\/\/us06web.zoom.us\/j\/83551858405\">Anslut till m\u00f6tet<\/a><\/p>\r\n\r\n\r\n\r\n\r\n\r\n<h2 class=\"wp-block-heading\"><del>eBas &#8211; Torbj\u00f6rn Bergvall<\/del><\/h2>\r\n<p>Vill du veta mer om Junis medlemsregister Ebas? H\u00e4ng med p\u00e5 dagens digitala tr\u00e4ff d\u00e4r vi kollar p\u00e5 grunderna i Ebas, och utforskar dom olika funktionerna.<br \/><strong>Fredag 20 oktober kl. 18.30-20.00<\/strong><br \/><a href=\"https:\/\/us06web.zoom.us\/j\/83551858405\" target=\"_blank\" rel=\"noreferrer noopener\">Anslut till m\u00f6tet<\/a><\/p>\r\n<h2><del>Bli en vuxen som vet \u2013 Mona \u00d6rjes<\/del><\/h2>\r\n<p>M\u00e5nga barn lever med missbruk och olika slags utsatthet i hemmet. Vad kan du som Junis-ledare vara uppm\u00e4rksam p\u00e5? Hur kan du agera? Och var finns det mer kunskap att f\u00e5?<\/p>\r\n<p><strong>S\u00f6ndag 5 november kl. 18.30-20.00<\/strong><br \/><a href=\"https:\/\/us06web.zoom.us\/j\/83551858405\">Anslut till m\u00f6tet<\/a><\/p>\r\n\r\n\r\n\r\n\r\n\r\n<h2><del>Ledaretik med fall att diskutera \u2013 Ola S\u00f6derqvist<\/del><\/h2>\r\n<p>Vi pratar om v\u00e5r ledaretik \u2013 vad st\u00e5r det i den egentligen? Vi diskuterar riktiga fall och hur vi i praktiken kan jobba med v\u00e5r ledaretik, sj\u00e4lva och i v\u00e5ra ledarteam.<\/p>\r\n<p><strong>M\u00e5ndag 20 november kl. 18.30-20.00<\/strong><br \/><a href=\"https:\/\/us06web.zoom.us\/j\/83551858405\">Anslut till m\u00f6tet<\/a><\/p>\r\n\r\n\r\n\r\n<p>&nbsp;<\/p>\r\n","protected":false},"excerpt":{"rendered":"<p>Sj\u00e4lvledarskap \u2013 Anneli Bylund P\u00e5 samtalet om sj\u00e4lvledarskap kommer du f\u00e5 l\u00e4ra dig att leda dig sj\u00e4lv genom olika knep f\u00f6r att st\u00e4rka [&hellip;]<\/p>\n","protected":false},"author":37,"featured_media":2461,"comment_status":"closed","ping_status":"closed","sticky":false,"template":"","format":"standard","meta":{"footnotes":""},"categories":[1],"class_list":["post-2458","post","type-post","status-publish","format-standard","has-post-thumbnail","hentry","category-nyheter"],"_links":{"self":[{"href":"https:\/\/www.junis.se\/ledare\/wp-json\/wp\/v2\/posts\/2458","targetHints":{"allow":["GET"]}}],"collection":[{"href":"https:\/\/www.junis.se\/ledare\/wp-json\/wp\/v2\/posts"}],"about":[{"href":"https:\/\/www.junis.se\/ledare\/wp-json\/wp\/v2\/types\/post"}],"author":[{"embeddable":true,"href":"https:\/\/www.junis.se\/ledare\/wp-json\/wp\/v2\/users\/37"}],"replies":[{"embeddable":true,"href":"https:\/\/www.junis.se\/ledare\/wp-json\/wp\/v2\/comments?post=2458"}],"version-history":[{"count":16,"href":"https:\/\/www.junis.se\/ledare\/wp-json\/wp\/v2\/posts\/2458\/revisions"}],"predecessor-version":[{"id":2595,"href":"https:\/\/www.junis.se\/ledare\/wp-json\/wp\/v2\/posts\/2458\/revisions\/2595"}],"wp:featuredmedia":[{"embeddable":true,"href":"https:\/\/www.junis.se\/ledare\/wp-json\/wp\/v2\/media\/2461"}],"wp:attachment":[{"href":"https:\/\/www.junis.se\/ledare\/wp-json\/wp\/v2\/media?parent=2458"}],"wp:term":[{"taxonomy":"category","embeddable":true,"href":"https:\/\/www.junis.se\/ledare\/wp-json\/wp\/v2\/categories?post=2458"}],"curies":[{"name":"wp","href":"https:\/\/api.w.org\/{rel}","templated":true}]}}